{"id":10683,"date":"2025-05-13T09:40:47","date_gmt":"2025-05-13T09:40:47","guid":{"rendered":"https:\/\/www.teammeter.com\/?p=10683"},"modified":"2026-02-26T11:27:28","modified_gmt":"2026-02-26T11:27:28","slug":"repenser-developpement-des-talents","status":"publish","type":"post","link":"https:\/\/www.teammeter.com\/fr\/rethinking-talent-development\/","title":{"rendered":"3 questions pour repenser le d\u00e9veloppement des talents : passer de la formation \u00e0 une v\u00e9ritable progression"},"content":{"rendered":"<div id=\"ez-toc-container\" class=\"ez-toc-v2_0_80 ez-toc-wrap-left counter-hierarchy ez-toc-counter ez-toc-grey ez-toc-container-direction\">\n<div class=\"ez-toc-title-container\">\n<p class=\"ez-toc-title\" style=\"cursor:inherit\">Table des mati\u00e8res<\/p>\n<span class=\"ez-toc-title-toggle\"><a href=\"#\" class=\"ez-toc-pull-right ez-toc-btn ez-toc-btn-xs ez-toc-btn-default ez-toc-toggle\" aria-label=\"Toggle Table des mati\u00e8res\"><span class=\"ez-toc-js-icon-con\"><span class=\"\"><span class=\"eztoc-hide\" style=\"display:none;\">Toggle<\/span><span class=\"ez-toc-icon-toggle-span\"><svg style=\"fill: #999;color:#999\" xmlns=\"http:\/\/www.w3.org\/2000\/svg\" class=\"list-377408\" width=\"20px\" height=\"20px\" viewbox=\"0 0 24 24\" fill=\"none\"><path d=\"M6 6H4v2h2V6zm14 0H8v2h12V6zM4 11h2v2H4v-2zm16 0H8v2h12v-2zM4 16h2v2H4v-2zm16 0H8v2h12v-2z\" fill=\"currentColor\"><\/path><\/svg><svg style=\"fill: #999;color:#999\" class=\"arrow-unsorted-368013\" xmlns=\"http:\/\/www.w3.org\/2000\/svg\" width=\"10px\" height=\"10px\" viewbox=\"0 0 24 24\" version=\"1.2\" baseprofile=\"tiny\"><path d=\"M18.2 9.3l-6.2-6.3-6.2 6.3c-.2.2-.3.4-.3.7s.1.5.3.7c.2.2.4.3.7.3h11c.3 0 .5-.1.7-.3.2-.2.3-.5.3-.7s-.1-.5-.3-.7zM5.8 14.7l6.2 6.3 6.2-6.3c.2-.2.3-.5.3-.7s-.1-.5-.3-.7c-.2-.2-.4-.3-.7-.3h-11c-.3 0-.5.1-.7.3-.2.2-.3.5-.3.7s.1.5.3.7z\"\/><\/svg><\/span><\/span><\/span><\/a><\/span><\/div>\n<nav><ul class='ez-toc-list ez-toc-list-level-1' ><li class='ez-toc-page-1 ez-toc-heading-level-2'><a class=\"ez-toc-link ez-toc-heading-1\" href=\"https:\/\/www.teammeter.com\/fr\/rethinking-talent-development\/#A_Familiar_Scenario\" >Un sc\u00e9nario familier<\/a><\/li><li class='ez-toc-page-1 ez-toc-heading-level-2'><a class=\"ez-toc-link ez-toc-heading-2\" href=\"https:\/\/www.teammeter.com\/fr\/rethinking-talent-development\/#Where_Talent_Development_Falls_Short\" >L\u00e0 o\u00f9 le d\u00e9veloppement des talents \u00e9choue<\/a><\/li><li class='ez-toc-page-1 ez-toc-heading-level-2'><a class=\"ez-toc-link ez-toc-heading-3\" href=\"https:\/\/www.teammeter.com\/fr\/rethinking-talent-development\/#What_Actually_Works\" >Ce qui fonctionne vraiment<\/a><\/li><li class='ez-toc-page-1 ez-toc-heading-level-2'><a class=\"ez-toc-link ez-toc-heading-4\" href=\"https:\/\/www.teammeter.com\/fr\/rethinking-talent-development\/#Leadership_Shouldnt_Be_the_Only_Path\" >Le management ne doit pas \u00eatre le seul chemin<\/a><\/li><li class='ez-toc-page-1 ez-toc-heading-level-2'><a class=\"ez-toc-link ez-toc-heading-5\" href=\"https:\/\/www.teammeter.com\/fr\/rethinking-talent-development\/#Three_Questions_Every_Organization_Should_Ask\" >Trois questions que chaque organisation devrait se poser<\/a><\/li><li class='ez-toc-page-1 ez-toc-heading-level-2'><a class=\"ez-toc-link ez-toc-heading-6\" href=\"https:\/\/www.teammeter.com\/fr\/rethinking-talent-development\/#Conclusion\" >Conclusion<\/a><\/li><\/ul><\/nav><\/div>\n<h2 class=\"wp-block-heading\"><span class=\"ez-toc-section\" id=\"A_Familiar_Scenario\"><\/span>Un sc\u00e9nario familier<span class=\"ez-toc-section-end\"><\/span><\/h2>\n\n\n\n<p class=\"translation-block\">&lt;Le d\u00e9veloppement des talents est un \u00e9l\u00e9ment essentiel des organisations modernes. Pourtant, la plupart des employ\u00e9s ont connu des sessions de formation qui partaient d&#039;une bonne intention mais qui n&#039;avaient que peu d&#039;impact r\u00e9el. Les m\u00eames formats reviennent sans cesse - <strong>standardis\u00e9s, th\u00e9oriques et peu pertinents pour le travail quotidien<\/strong>.<\/p>\n\n\n\n<p class=\"translation-block\">Ce qui est pens\u00e9 comme un <strong>investissement dans le d\u00e9veloppement<\/strong> se transforme rapidement en un <strong>exercice de conformit\u00e9 administrative<\/strong>. Le contenu est r\u00e9p\u00e9titif, les objectifs d\u2019apprentissage sont flous, et au final, le sentiment persiste : <strong>une formation de plus termin\u00e9e, mais rien n\u2019a vraiment chang\u00e9<\/strong>. Ce n\u2019est pas seulement une perte de ressources \u2013 c\u2019est une occasion manqu\u00e9e de <strong>lib\u00e9rer le v\u00e9ritable potentiel des collaborateurs<\/strong>.<\/p>\n\n\n\n<div style=\"height:50px\" aria-hidden=\"true\" class=\"wp-block-spacer\"><\/div>\n\n\n\n<h2 class=\"wp-block-heading\"><span class=\"ez-toc-section\" id=\"Where_Talent_Development_Falls_Short\"><\/span>L\u00e0 o\u00f9 le d\u00e9veloppement des talents \u00e9choue<span class=\"ez-toc-section-end\"><\/span><\/h2>\n\n\n\n<p class=\"translation-block\">Beaucoup d\u2019initiatives restent encore <strong>ax\u00e9es sur les lacunes<\/strong> : on demande aux employ\u00e9s de <strong>combler des \u00e9carts au lieu de s\u2019appuyer sur leurs forces et leurs int\u00e9r\u00eats<\/strong>. Cette approche positionne souvent la formation comme une <strong>mesure corrective plut\u00f4t qu\u2019une invitation \u00e0 grandir<\/strong>.<\/p>\n\n\n\n<p class=\"translation-block\">&lt;L&#039;individualisation, le contexte r\u00e9el et la continuit\u00e9 font souvent d\u00e9faut. En cons\u00e9quence, la formation reste <strong>abstraite et d\u00e9connect\u00e9e des d\u00e9fis quotidiens<\/strong> - rarement per\u00e7ue comme un v\u00e9ritable d\u00e9veloppement. Pire encore : <strong>la r\u00e9ussite est rarement \u00e9valu\u00e9e<\/strong>. Qui v\u00e9rifie trois mois plus tard ce qui a \u00e9t\u00e9 retenu ? Ou comment la formation a \u00e9t\u00e9 appliqu\u00e9e ?<\/p>\n\n\n\n<p class=\"translation-block\">Comme le souligne <a href=\"https:\/\/www.mckinsey.com\/capabilities\/people-and-organizational-performance\/our-insights\/why-leadership-development-programs-fail\" target=\"_blank\" rel=\"noopener\">une \u00e9tude de McKinsey<\/a>, de nombreux programmes de formation sont <strong>trop g\u00e9n\u00e9riques, d\u00e9connect\u00e9s des r\u00e9alit\u00e9s quotidiennes et sans impact durable<\/strong>. Ils ne r\u00e9pondent souvent pas aux <strong>besoins individuels des employ\u00e9s ni aux enjeux organisationnels<\/strong>, ce qui m\u00e8ne \u00e0 un <strong>faible engagement et \u00e0 peu de changements comportementaux<\/strong>.<\/p>\n\n\n\n<div style=\"height:50px\" aria-hidden=\"true\" class=\"wp-block-spacer\"><\/div>\n\n\n\n<h2 class=\"wp-block-heading\"><span class=\"ez-toc-section\" id=\"What_Actually_Works\"><\/span>Ce qui fonctionne vraiment<span class=\"ez-toc-section-end\"><\/span><\/h2>\n\n\n\n<p class=\"translation-block\"><strong>Un d\u00e9veloppement des talents efficace commence par la pertinence.<\/strong> Lorsque les initiatives s\u2019alignent avec les <strong>forces, les int\u00e9r\u00eats et les objectifs de carri\u00e8re des collaborateurs<\/strong>, la motivation augmente \u2013 et l\u2019impact aussi. <strong>Le d\u00e9veloppement doit \u00eatre continu, contextualis\u00e9 et int\u00e9gr\u00e9 aux situations de travail r\u00e9elles.<\/strong><\/p>\n\n\n\n<p>Parmi les formats efficaces :<\/p>\n\n\n\n<ul class=\"wp-block-list\">\n<li class=\"translation-block\"><strong>Apprentissage bas\u00e9 sur des projets<\/strong> en rapport avec la vie r\u00e9elle<\/li>\n\n\n\n<li><strong>Apprentissage entre pairs ou immersion crois\u00e9e entre \u00e9quipes<\/strong><\/li>\n\n\n\n<li class=\"translation-block\"><strong>Formation bas\u00e9e sur les comp\u00e9tences<\/strong> avec des objectifs d\u00e9finis<\/li>\n\n\n\n<li class=\"translation-block\"><strong>S\u00e9ances de r\u00e9flexion et de coaching<\/strong> pour ancrer l'apprentissage<\/li>\n\n\n\n<li class=\"translation-block\"><strong>Matrices de comp\u00e9tences transparentes<\/strong> pour l'auto-\u00e9valuation et l'orientation<\/li>\n<\/ul>\n\n\n\n<p class=\"translation-block\"><strong>Les approches d\u2019apprentissage hybrides<\/strong> \u2013 combinant des <strong>formats formels (par exemple : ateliers, cours) et informels (comme le co-d\u00e9veloppement entre pairs, le microlearning)<\/strong> \u2013 sont particuli\u00e8rement efficaces. Les \u00e9tudes montrent que <strong>l\u2019apprentissage mixte favorise un engagement plus \u00e9lev\u00e9 et une meilleure mise en<\/strong> <strong><a href=\"https:\/\/trainingindustry.com\/glossary\/blended-learning\/\" target=\"_blank\" rel=\"noopener\">pratique<\/a><\/strong>.<\/p>\n\n\n\n<p class=\"translation-block\">Notre article sur <a href=\"https:\/\/www.teammeter.com\/fr\/maitriser-la-matrice-de-competences\/\" target=\"_self\">les matrices de comp\u00e9tences comme outil pratique pour les parcours de carri\u00e8re modernes<\/a> montre comment am\u00e9liorer la <strong>visibilit\u00e9 des comp\u00e9tences au sein des organisations<\/strong>.<\/p>\n\n\n\n<div style=\"height:50px\" aria-hidden=\"true\" class=\"wp-block-spacer\"><\/div>\n\n\n\n<h2 class=\"wp-block-heading\"><span class=\"ez-toc-section\" id=\"Leadership_Shouldnt_Be_the_Only_Path\"><\/span>Le management ne doit pas \u00eatre le seul chemin<span class=\"ez-toc-section-end\"><\/span><\/h2>\n\n\n\n<p class=\"translation-block\">Notre article sur <a href=\"https:\/\/www.teammeter.com\/fr\/maitriser-la-matrice-de-competences\/\" target=\"_self\">les matrices de comp\u00e9tences comme outil pratique pour les parcours de carri\u00e8re modernes<\/a> montre comment am\u00e9liorer la <strong>visibilit\u00e9 des comp\u00e9tences au sein des organisations<\/strong>.<\/p>\n\n\n\n<p class=\"translation-block\"><strong>Un d\u00e9veloppement efficace n\u00e9cessite des parcours de carri\u00e8re alternatifs<\/strong>. Les fili\u00e8res d\u2019expertise, les rotations de postes ou les r\u00f4les de pilotage de projets temporaires offrent <strong>des options plus nuanc\u00e9es<\/strong>. Plut\u00f4t qu\u2019une voie unique vers le management d\u2019\u00e9quipe, les organisations doivent proposer <strong>des parcours d\u2019expert transparents et valoris\u00e9s<\/strong>.<\/p>\n\n\n\n<p class=\"translation-block\">Les organisations qui \u00e9tablissent des <strong>parcours d'expertise clairs favorisent la motivation et la fid\u00e9lisation<\/strong> : les employ\u00e9s voient qu'ils peuvent <strong>\u00e9voluer sans \u00eatre pouss\u00e9s vers des r\u00f4les de management<\/strong>.<\/p>\n\n\n\n<p class=\"translation-block\">Les organisations qui \u00e9tablissent des \"parcours professionnels clairs\" favorisent la motivation et la fid\u00e9lisation : les employ\u00e9s voient qu'ils peuvent \"\u00e9voluer\" sans \u00eatre pouss\u00e9s vers des postes de direction.<\/p>\n\n\n\n<div style=\"height:50px\" aria-hidden=\"true\" class=\"wp-block-spacer\"><\/div>\n\n\n\n<h2 class=\"wp-block-heading\"><span class=\"ez-toc-section\" id=\"Three_Questions_Every_Organization_Should_Ask\"><\/span>Trois questions que chaque organisation devrait se poser<span class=\"ez-toc-section-end\"><\/span><\/h2>\n\n\n\n<ol start=\"1\" class=\"wp-block-list\">\n<li><strong>Comment mesurons-nous r\u00e9ellement l\u2019impact de nos programmes de d\u00e9veloppement \u2013 au-del\u00e0 de la simple pr\u00e9sence ou de la compl\u00e9tion ?<\/strong><\/li>\n\n\n\n<li><strong>Offrons-nous plusieurs voies de d\u00e9veloppement \u2013 ou devenir manager reste-t-il la seule forme visible de r\u00e9ussite ?<\/strong><\/li>\n\n\n\n<li><strong>Nos programmes sont-ils vraiment en lien avec le quotidien de nos collaborateurs \u2013 ou surtout con\u00e7us pour le reporting interne ?<\/strong><\/li>\n<\/ol>\n\n\n\n<div style=\"height:50px\" aria-hidden=\"true\" class=\"wp-block-spacer\"><\/div>\n\n\n\n<h2 class=\"wp-block-heading\"><span class=\"ez-toc-section\" id=\"Conclusion\"><\/span>Conclusion<span class=\"ez-toc-section-end\"><\/span><\/h2>\n\n\n\n<p class=\"translation-block\"><strong>Le d\u00e9veloppement des talents n\u00e9cessite plus que des programmes \u2013 il n\u00e9cessite une intention.<\/strong> Ce n\u2019est qu\u2019en prenant en compte s\u00e9rieusement l\u2019<strong>individualit\u00e9, les forces et les aspirations des employ\u00e9s<\/strong> que nous pouvons favoriser un d\u00e9veloppement v\u00e9ritablement significatif.<\/p>\n\n\n\n<p><strong>\u00c0 retenir :<\/strong><\/p>\n\n\n\n<ul class=\"wp-block-list\">\n<li class=\"translation-block\">Le d\u00e9veloppement des talents doit \u00eatre <strong>continu, pertinent et int\u00e9gr\u00e9 aux situations de travail r\u00e9elles<\/strong>.<\/li>\n\n\n\n<li class=\"translation-block\">Les programmes <strong>ax\u00e9s sur les d\u00e9ficits ne suffisent pas<\/strong> ; les organisations doivent <strong>s'appuyer sur les forces et ouvrir des parcours de carri\u00e8re diversifi\u00e9s<\/strong>.<\/li>\n\n\n\n<li class=\"translation-block\"><strong>Le leadership n\u2019est pas la seule voie de croissance<\/strong> \u2013 les parcours de carri\u00e8re sp\u00e9cialis\u00e9s et de projet doivent \u00eatre valoris\u00e9s de mani\u00e8re \u00e9gale.<\/li>\n\n\n\n<li class=\"translation-block\">Les programmes efficaces sont ceux qui <strong>priorisent les besoins des employ\u00e9s, l\u2019engagement et l\u2019application durable dans les t\u00e2ches quotidiennes<\/strong>.<\/li>\n<\/ul>\n\n\n\n<p class=\"translation-block\">Cela signifie : <strong>\u00e9couter, r\u00e9fl\u00e9chir, s\u2019adapter et \u00eatre pr\u00eat \u00e0 repenser les parcours conventionnels.<\/strong><\/p>\n\n\n\n<p><br><strong>La v\u00e9ritable croissance ne commence pas dans la salle de classe \u2013 elle commence dans le quotidien. Et elle ne se termine pas par un certificat, mais par une transformation.<\/strong><\/p>\n\n\n\n<p>\u00c0 lire aussi :<\/p>\n\n\n\n<ul class=\"wp-block-list\">\n<li><a href=\"https:\/\/www.teammeter.com\/fr\/skill-gaps-an-underestimated-costs\/\" target=\"_blank\" rel=\"noopener\">Les lacunes en mati\u00e8re de comp\u00e9tences : Un facteur de co\u00fbt sous-estim\u00e9 dans les entreprises<\/a><\/li>\n\n\n\n<li><a href=\"https:\/\/www.teammeter.com\/fr\/maitriser-la-matrice-de-competences\/\" target=\"_blank\" rel=\"noopener\">Ma\u00eetriser la matrice de comp\u00e9tences : un outil cl\u00e9 pour booster la performance de vos \u00e9quipes<\/a><\/li>\n\n\n\n<li><a href=\"https:\/\/www.teammeter.com\/fr\/effective-talent-management-strategies\/\" target=\"_blank\" rel=\"noopener\">Les 5 r\u00e8gles d\u2019or du d\u00e9veloppement des talents<\/a><\/li>\n<\/ul>\n\n\n\n<p class=\"translation-block\"><strong>Restez inform\u00e9 :<\/strong> Notre newsletter mensuelle <em>Spotlight<\/em> partage des informations sur <strong>la cartographie des comp\u00e9tences, la visibilit\u00e9 des comp\u00e9tences et le d\u00e9veloppement des talents<\/strong> \u2013 ainsi que des mises \u00e0 jour produits et des \u00e9v\u00e9nements \u00e0 venir.<\/p>\n\n\n\n<p class=\"translation-block\">\ud83d\udc49 Abonnez-vous maintenant : <a href=\"https:\/\/www.teammeter.com\/fr\/abonnement-spotlight\/\" target=\"_self\">Spotlight \u2013 Teammeter<\/a><\/p>","protected":false},"excerpt":{"rendered":"<p>Le d\u00e9veloppement des talents s'arr\u00eate souvent \u00e0 la formation. Mais la v\u00e9ritable croissance a besoin de pertinence, de contexte et d'impact sur le monde r\u00e9el.<\/p>","protected":false},"author":17,"featured_media":10697,"comment_status":"closed","ping_status":"closed","sticky":false,"template":"","format":"standard","meta":{"inline_featured_image":false,"footnotes":""},"categories":[56],"tags":[76,89,69],"class_list":["post-10683","post","type-post","status-publish","format-standard","has-post-thumbnail","hentry","category-blog","tag-performance-management","tag-talent-development","tag-workforce-planning"],"_links":{"self":[{"href":"https:\/\/www.teammeter.com\/fr\/wp-json\/wp\/v2\/posts\/10683","targetHints":{"allow":["GET"]}}],"collection":[{"href":"https:\/\/www.teammeter.com\/fr\/wp-json\/wp\/v2\/posts"}],"about":[{"href":"https:\/\/www.teammeter.com\/fr\/wp-json\/wp\/v2\/types\/post"}],"author":[{"embeddable":true,"href":"https:\/\/www.teammeter.com\/fr\/wp-json\/wp\/v2\/users\/17"}],"replies":[{"embeddable":true,"href":"https:\/\/www.teammeter.com\/fr\/wp-json\/wp\/v2\/comments?post=10683"}],"version-history":[{"count":0,"href":"https:\/\/www.teammeter.com\/fr\/wp-json\/wp\/v2\/posts\/10683\/revisions"}],"wp:featuredmedia":[{"embeddable":true,"href":"https:\/\/www.teammeter.com\/fr\/wp-json\/wp\/v2\/media\/10697"}],"wp:attachment":[{"href":"https:\/\/www.teammeter.com\/fr\/wp-json\/wp\/v2\/media?parent=10683"}],"wp:term":[{"taxonomy":"category","embeddable":true,"href":"https:\/\/www.teammeter.com\/fr\/wp-json\/wp\/v2\/categories?post=10683"},{"taxonomy":"post_tag","embeddable":true,"href":"https:\/\/www.teammeter.com\/fr\/wp-json\/wp\/v2\/tags?post=10683"}],"curies":[{"name":"wp","href":"https:\/\/api.w.org\/{rel}","templated":true}]}}