{"id":12455,"date":"2025-07-23T16:23:12","date_gmt":"2025-07-23T16:23:12","guid":{"rendered":"https:\/\/www.teammeter.com\/?p=12455"},"modified":"2026-02-26T13:09:03","modified_gmt":"2026-02-26T13:09:03","slug":"plannification-strategique-guide","status":"publish","type":"post","link":"https:\/\/www.teammeter.com\/fr\/strategic-workforce-planning-guide\/","title":{"rendered":"Pr\u00e9parez l'avenir de votre organisation gr\u00e2ce \u00e0 la planification strat\u00e9gique des effectifs"},"content":{"rendered":"<div class=\"gb-container gb-container-371723ae\">\n\n<p class=\"has-text-align-center\"><strong><strong>Planification strat\u00e9gique des effectifs<\/strong><\/strong><\/p>\n\n\n\n<figure class=\"gb-block-image gb-block-image-89b03ac1\"><a href=\"https:\/\/www.teammeter.com\/wp-content\/uploads\/2025\/07\/guide-Strategic-Workforce-Planning-EN.pdf\" target=\"_blank\" rel=\"noopener noreferrer\"><img decoding=\"async\" width=\"2480\" height=\"1754\" class=\"gb-image gb-image-89b03ac1 shadow-lighter\" src=\"https:\/\/www.teammeter.com\/wp-content\/uploads\/2025\/07\/guide-Strategic-Workforce-Planning-EN.png\" alt=\"\" title=\"guide-Planification strat\u00e9gique des ressources humaines-FR\" srcset=\"https:\/\/www.teammeter.com\/wp-content\/uploads\/2025\/07\/guide-Strategic-Workforce-Planning-EN.png 2480w, https:\/\/www.teammeter.com\/wp-content\/uploads\/2025\/07\/guide-Strategic-Workforce-Planning-EN-300x212.png 300w, https:\/\/www.teammeter.com\/wp-content\/uploads\/2025\/07\/guide-Strategic-Workforce-Planning-EN-1024x724.png 1024w, https:\/\/www.teammeter.com\/wp-content\/uploads\/2025\/07\/guide-Strategic-Workforce-Planning-EN-768x543.png 768w, https:\/\/www.teammeter.com\/wp-content\/uploads\/2025\/07\/guide-Strategic-Workforce-Planning-EN-1536x1086.png 1536w, https:\/\/www.teammeter.com\/wp-content\/uploads\/2025\/07\/guide-Strategic-Workforce-Planning-EN-2048x1448.png 2048w, https:\/\/www.teammeter.com\/wp-content\/uploads\/2025\/07\/guide-Strategic-Workforce-Planning-EN-18x12.png 18w\" sizes=\"(max-width: 2480px) 100vw, 2480px\" \/><\/a><\/figure>\n\n\n\n<div style=\"height:20px\" aria-hidden=\"true\" class=\"wp-block-spacer\"><\/div>\n\n\n\n<div class=\"wp-block-file aligncenter\"><a id=\"wp-block-file--media-314c71a5-ff8c-4eeb-993c-96fbf76014c2\" href=\"https:\/\/www.teammeter.com\/wp-content\/uploads\/2025\/07\/guide-Strategic-Workforce-Planning-EN.pdf\" target=\"_blank\" rel=\"noreferrer noopener\">Guide de la planification strat\u00e9gique des effectifs<\/a><a href=\"https:\/\/www.teammeter.com\/wp-content\/uploads\/2025\/07\/guide-Strategic-Workforce-Planning-EN.pdf\" class=\"wp-block-file__button wp-element-button\" download aria-describedby=\"wp-block-file--media-314c71a5-ff8c-4eeb-993c-96fbf76014c2\">T\u00e9l\u00e9charger<\/a><\/div>\n\n<\/div>\n\n\n<p>Vous avez soudain du mal \u00e0 pourvoir des postes cl\u00e9s ? Vous perdez un savoir-faire essentiel \u00e0 la suite du d\u00e9part \u00e0 la retraite d'un personnel exp\u00e9riment\u00e9 ? Vous \u00eates soumis \u00e0 une pression croissante pour aligner votre personnel sur les nouvelles technologies et les nouveaux mod\u00e8les d'entreprise ?<\/p>\n\n\n\n<p class=\"translation-block\">Vous n'\u00eates pas le seul. De nombreuses organisations atteignent leurs limites avec des processus RH r\u00e9actifs. La vraie question n'est plus de savoir <em>si<\/em> vous devez planifier \u00e0 l'avance, mais <em>comment strat\u00e9giquement<\/em> vous le faites.<\/p>\n\n\n\n<p class=\"translation-block\">&lt;La planification strat\u00e9gique des effectifs ne se limite pas \u00e0 la pr\u00e9vision des effectifs ou \u00e0 la r\u00e9action aux postes vacants. Il s&#039;agit d&#039;aligner vos efforts en mati\u00e8re de main-d&#039;\u0153uvre, de comp\u00e9tences et de d\u00e9veloppement sur les objectifs \u00e0 long terme de l&#039;entreprise, afin que vous puissiez agir au lieu de r\u00e9agir.<\/p>\n\n\n\n<p class=\"translation-block\">Ce <strong>guide pratique<\/strong> gratuit est con\u00e7u pour aider les responsables des ressources humaines et les \u00e9quipes de direction \u00e0 collaborer :<\/p>\n\n\n\n<ul class=\"wp-block-list\">\n<li>Identifier les besoins futurs en mati\u00e8re de comp\u00e9tences,<\/li>\n\n\n\n<li>D\u00e9couvrir les lacunes critiques,<\/li>\n\n\n\n<li>D\u00e9velopper les talents d'une mani\u00e8re structur\u00e9e et tourn\u00e9e vers l'avenir.<\/li>\n<\/ul>\n\n\n\n<div style=\"height:60px\" aria-hidden=\"true\" class=\"wp-block-spacer\"><\/div>\n\n\n\n<div id=\"ez-toc-container\" class=\"ez-toc-v2_0_80 ez-toc-wrap-left counter-hierarchy ez-toc-counter ez-toc-grey ez-toc-container-direction\">\n<div class=\"ez-toc-title-container\">\n<p class=\"ez-toc-title\" style=\"cursor:inherit\">Table des mati\u00e8res<\/p>\n<span class=\"ez-toc-title-toggle\"><a href=\"#\" class=\"ez-toc-pull-right ez-toc-btn ez-toc-btn-xs ez-toc-btn-default ez-toc-toggle\" aria-label=\"Toggle Table des mati\u00e8res\"><span class=\"ez-toc-js-icon-con\"><span class=\"\"><span class=\"eztoc-hide\" style=\"display:none;\">Toggle<\/span><span class=\"ez-toc-icon-toggle-span\"><svg style=\"fill: #999;color:#999\" xmlns=\"http:\/\/www.w3.org\/2000\/svg\" class=\"list-377408\" width=\"20px\" height=\"20px\" viewbox=\"0 0 24 24\" fill=\"none\"><path d=\"M6 6H4v2h2V6zm14 0H8v2h12V6zM4 11h2v2H4v-2zm16 0H8v2h12v-2zM4 16h2v2H4v-2zm16 0H8v2h12v-2z\" fill=\"currentColor\"><\/path><\/svg><svg style=\"fill: #999;color:#999\" class=\"arrow-unsorted-368013\" xmlns=\"http:\/\/www.w3.org\/2000\/svg\" width=\"10px\" height=\"10px\" viewbox=\"0 0 24 24\" version=\"1.2\" baseprofile=\"tiny\"><path d=\"M18.2 9.3l-6.2-6.3-6.2 6.3c-.2.2-.3.4-.3.7s.1.5.3.7c.2.2.4.3.7.3h11c.3 0 .5-.1.7-.3.2-.2.3-.5.3-.7s-.1-.5-.3-.7zM5.8 14.7l6.2 6.3 6.2-6.3c.2-.2.3-.5.3-.7s-.1-.5-.3-.7c-.2-.2-.4-.3-.7-.3h-11c-.3 0-.5.1-.7.3-.2.2-.3.5-.3.7s.1.5.3.7z\"\/><\/svg><\/span><\/span><\/span><\/a><\/span><\/div>\n<nav><ul class='ez-toc-list ez-toc-list-level-1' ><li class='ez-toc-page-1 ez-toc-heading-level-3'><a class=\"ez-toc-link ez-toc-heading-1\" href=\"https:\/\/www.teammeter.com\/fr\/strategic-workforce-planning-guide\/#Why_strategic_workforce_planning_matters\" >Pourquoi la planification strat\u00e9gique des effectifs est-elle importante ?<\/a><\/li><li class='ez-toc-page-1 ez-toc-heading-level-3'><a class=\"ez-toc-link ez-toc-heading-2\" href=\"https:\/\/www.teammeter.com\/fr\/strategic-workforce-planning-guide\/#Whats_inside_the_guide\" >Contenu du guide<\/a><\/li><li class='ez-toc-page-1 ez-toc-heading-level-3'><a class=\"ez-toc-link ez-toc-heading-3\" href=\"https:\/\/www.teammeter.com\/fr\/strategic-workforce-planning-guide\/#Who_is_already_doing_it\" >Qui le fait d\u00e9j\u00e0 ?<\/a><\/li><li class='ez-toc-page-1 ez-toc-heading-level-3'><a class=\"ez-toc-link ez-toc-heading-4\" href=\"https:\/\/www.teammeter.com\/fr\/strategic-workforce-planning-guide\/#What_is_strategic_workforce_planning_in_simple_terms\" >Qu'est-ce que la planification strat\u00e9gique des effectifs en termes simples ?<\/a><\/li><\/ul><\/nav><\/div>\n<h3 class=\"wp-block-heading\"><span class=\"ez-toc-section\" id=\"Why_strategic_workforce_planning_matters\"><\/span>Pourquoi la planification strat\u00e9gique des effectifs est-elle importante ?<span class=\"ez-toc-section-end\"><\/span><\/h3>\n\n\n\n<p>Dans de nombreuses organisations, la planification des effectifs est encore essentiellement op\u00e9rationnelle : Qui est disponible la semaine prochaine ? Dans de nombreuses entreprises, la planification des effectifs est encore comprise en termes purement op\u00e9rationnels : Qui couvre une \u00e9quipe ? Qui sera en cong\u00e9 le mois prochain ? Ces questions sont n\u00e9cessaires, mais elles n'abordent pas la question des capacit\u00e9s \u00e0 long terme.<\/p>\n\n\n\n<p class=\"translation-block\"><strong>La planification strat\u00e9gique de la main-d'\u0153uvre<\/strong> est tourn\u00e9e vers l'avenir :<\/p>\n\n\n\n<ul class=\"wp-block-list\">\n<li>Quels sont les r\u00f4les et les comp\u00e9tences dont nous aurons besoin dans 2, 5 ou 10 ans ?<\/li>\n\n\n\n<li>O\u00f9 les d\u00e9parts \u00e0 la retraite, l'\u00e9volution des activit\u00e9s ou la technologie vont-ils cr\u00e9er de nouveaux besoins ?<\/li>\n\n\n\n<li>Comment renforcer les capacit\u00e9s internes avant que des lacunes n'apparaissent ?<\/li>\n<\/ul>\n\n\n\n<p class=\"translation-block\">C'est l\u00e0 que des outils tels qu'une <a href=\"https:\/\/www.teammeter.com\/fr\/logiciel-matrice-formation\/\" target=\"_self\">matrice de formation<\/a> ou une <a href=\"https:\/\/www.teammeter.com\/fr\/matrice-competences\/\" target=\"_self\">gestion des comp\u00e9tences<\/a> structur\u00e9e deviennent essentiels. Elles permettent de voir ce qui existe d\u00e9j\u00e0 et ce qui doit encore \u00eatre d\u00e9velopp\u00e9.<\/p>\n\n\n\n<div style=\"height:60px\" aria-hidden=\"true\" class=\"wp-block-spacer\"><\/div>\n\n\n\n<h3 class=\"wp-block-heading\"><span class=\"ez-toc-section\" id=\"Whats_inside_the_guide\"><\/span>Contenu du guide<span class=\"ez-toc-section-end\"><\/span><\/h3>\n\n\n\n<p>Notre guide PDF gratuit vous donne :<\/p>\n\n\n\n<ul class=\"wp-block-list\">\n<li>Une distinction claire entre la planification op\u00e9rationnelle et la planification strat\u00e9gique des effectifs<\/li>\n\n\n\n<li>Une approche en 5 \u00e9tapes, de l'analyse de l'\u00e9tat actuel aux mesures \u00e0 long terme<\/li>\n\n\n\n<li>Exemples concrets d'organisations de premier plan<\/li>\n\n\n\n<li>Une liste de contr\u00f4le pratique pour \u00e9valuer l'\u00e9tat de pr\u00e9paration de votre organisation<\/li>\n\n\n\n<li>Des mesures concr\u00e8tes pour vous aider \u00e0 passer d'une planification r\u00e9active \u00e0 une planification proactive<\/li>\n<\/ul>\n\n\n\n<div style=\"height:60px\" aria-hidden=\"true\" class=\"wp-block-spacer\"><\/div>\n\n\n\n<h3 class=\"wp-block-heading\"><span class=\"ez-toc-section\" id=\"Who_is_already_doing_it\"><\/span>Qui le fait d\u00e9j\u00e0 ?<span class=\"ez-toc-section-end\"><\/span><\/h3>\n\n\n\n<p>La planification strat\u00e9gique des effectifs n'est pas une simple th\u00e9orie. De nombreuses entreprises et institutions la mettent d\u00e9j\u00e0 en \u0153uvre :<\/p>\n\n\n\n<ul class=\"wp-block-list\">\n<li class=\"translation-block\"><strong>Deutsche Bahn<\/strong> utilise des analyses de la structure d'\u00e2ge et des programmes de d\u00e9veloppement de la rel\u00e8ve pour pr\u00e9parer les d\u00e9parts \u00e0 la retraite. Leur approche est pr\u00e9sent\u00e9e dans le <a href=\"https:\/\/www.bmas.de\/DE\/Arbeit\/Arbeitsfoerderung\/arbeitsfoerderung.html\" target=\"_blank\" data-type=\"link\" data-id=\"https:\/\/www.bmas.de\/DE\/Arbeit\/Arbeitsfoerderung\/arbeitsfoerderung.html\" rel=\"noreferrer noopener\">BMAS method kit (German)<\/a>.<\/li>\n\n\n\n<li class=\"translation-block\"><strong>Siemens<\/strong> publie r\u00e9guli\u00e8rement des rapports sur la planification de la main-d'\u0153uvre et les efforts de perfectionnement dans sa <a href=\"https:\/\/www.siemens.com\/global\/en\/company\/sustainability.html\" target=\"_blank\" rel=\"noreferrer noopener\">sustainability strategy<\/a> (strat\u00e9gie de durabilit\u00e9).<\/li>\n\n\n\n<li class=\"translation-block\"><strong>Bosch<\/strong> d\u00e9veloppe de nouveaux profils professionnels et planifie les comp\u00e9tences pour r\u00e9pondre aux exigences de la num\u00e9risation (<a href=\"https:\/\/www.bosch.com\/sustainability\/\" target=\"_blank\" data-type=\"link\" data-id=\"https:\/\/www.bosch.com\/sustainability\/\" rel=\"noreferrer noopener\">source<\/a>).<\/li>\n\n\n\n<li class=\"translation-block\"><strong>Le groupe BMW<\/strong> met l'accent sur les strat\u00e9gies syst\u00e9matiques de qualification et de succession dans ses <a href=\"https:\/\/www.bmwgroup.com\/en\/sustainability\/employees.html\" target=\"_blank\" data-type=\"link\" data-id=\"https:\/\/www.bmwgroup.com\/en\/sustainability\/employees.html\" rel=\"noreferrer noopener\">rapports annuels<\/a>.<\/li>\n\n\n\n<li class=\"translation-block\"><strong>La ville de Cologne<\/strong> (Allemagne) publie la mani\u00e8re dont elle analyse les donn\u00e9es d\u00e9mographiques et d\u00e9veloppe les jeunes talents dans son <a href=\"https:\/\/www.stadt-koeln.de\/politik-und-verwaltung\/presse\/mitteilungen\/27673\/index.html\" target=\"_blank\" data-type=\"link\" data-id=\"https:\/\/www.stadt-koeln.de\/politik-und-verwaltung\/presse\/mitteilungen\/27673\/index.html\" rel=\"noreferrer noopener\">rapport d\u00e9mographique (allemand)<\/a>.<\/li>\n<\/ul>\n\n\n\n<p>Ces exemples montrent que la planification strat\u00e9gique des effectifs n'est pas seulement pertinente pour les grandes entreprises, mais pour toute organisation qui souhaite rester r\u00e9siliente et capable d'agir.<\/p>\n\n\n\n<div style=\"height:60px\" aria-hidden=\"true\" class=\"wp-block-spacer\"><\/div>\n\n\n\n<h3 class=\"wp-block-heading\"><span class=\"ez-toc-section\" id=\"What_is_strategic_workforce_planning_in_simple_terms\"><\/span>Qu'est-ce que la planification strat\u00e9gique des effectifs en termes simples ?<span class=\"ez-toc-section-end\"><\/span><\/h3>\n\n\n\n<p>La planification strat\u00e9gique des effectifs consiste \u00e0 se projeter dans l'avenir et \u00e0 prendre des d\u00e9cisions \u00e9clair\u00e9es sur la mani\u00e8re dont votre strat\u00e9gie en mati\u00e8re de personnel soutient vos objectifs d'entreprise. Il ne s'agit pas de pr\u00e9dire l'avenir \u00e0 la perfection, mais de s'y pr\u00e9parer.<\/p>\n\n\n\n<p>Par exemple :<\/p>\n\n\n\n<ul class=\"wp-block-list\">\n<li>Une entreprise manufacturi\u00e8re peut analyser sa structure d'\u00e2ge et identifier que 30% des techniciens exp\u00e9riment\u00e9s prendront leur retraite dans les 5 \u00e0 7 prochaines ann\u00e9es.<\/li>\n\n\n\n<li>Une municipalit\u00e9 peut instaurer une transparence interne sur les comp\u00e9tences des dirigeants afin de permettre la planification de la rel\u00e8ve.<\/li>\n\n\n\n<li>Une entreprise technologique pourrait demander aux chefs d'\u00e9quipe quelles sont les comp\u00e9tences essentielles requises dans leur r\u00f4le et utiliser ces connaissances pour d\u00e9velopper des successeurs internes.<\/li>\n<\/ul>\n\n\n\n<p>Ce ne sont l\u00e0 que quelques exemples parmi d'autres pr\u00e9sent\u00e9s dans le guide. Ils montrent que la planification des effectifs n'a pas besoin d'\u00eatre compliqu\u00e9e, mais qu'elle doit \u00eatre intentionnelle.<\/p>\n\n\n\n<div style=\"height:60px\" aria-hidden=\"true\" class=\"wp-block-spacer\"><\/div>\n\n\n\n<p class=\"translation-block\">\ud83d\udce5 <strong><a href=\"https:\/\/www.teammeter.com\/wp-content\/uploads\/2025\/07\/guide-Strategic-Workforce-Planning-DE.pdf\" target=\"_blank\" data-type=\"link\" data-id=\"https:\/\/www.teammeter.com\/wp-content\/uploads\/2025\/07\/guide-Strategic-Workforce-Planning-EN.pdf\" rel=\"noreferrer noopener\">T\u00e9l\u00e9chargez le guide gratuit maintenant<\/a><\/strong><br>et d\u00e9couvrez comment la planification strat\u00e9gique des effectifs aide votre organisation :<\/p>\n\n\n\n<ul class=\"wp-block-list\">\n<li>R\u00e9duire les \u00e9carts de comp\u00e9tences,<\/li>\n\n\n\n<li>Renforcez votre image de marque en tant qu'employeur,<\/li>\n\n\n\n<li>Pr\u00e9parez vos \u00e9quipes pour l'avenir.<\/li>\n<\/ul>\n\n\n\n<p>Commencez d\u00e8s aujourd'hui par clarifier, structurer et partager les responsabilit\u00e9s entre les RH et les dirigeants.<\/p>","protected":false},"excerpt":{"rendered":"<p>Planifiez au lieu de r\u00e9agir.<br \/>\nCe guide montre comment la planification strat\u00e9gique des effectifs vous aide \u00e0 identifier les besoins futurs en mati\u00e8re de comp\u00e9tences, \u00e0 combler rapidement les lacunes et \u00e0 conserver les connaissances, \u00e0 l'aide d'exemples concrets et d'un plan clair en cinq \u00e9tapes.<\/p>","protected":false},"author":5,"featured_media":12449,"comment_status":"closed","ping_status":"closed","sticky":false,"template":"","format":"standard","meta":{"inline_featured_image":false,"footnotes":""},"categories":[61,57],"tags":[210,69],"class_list":["post-12455","post","type-post","status-publish","format-standard","has-post-thumbnail","hentry","category-downloads","category-guides","tag-future-of-work","tag-workforce-planning"],"_links":{"self":[{"href":"https:\/\/www.teammeter.com\/fr\/wp-json\/wp\/v2\/posts\/12455","targetHints":{"allow":["GET"]}}],"collection":[{"href":"https:\/\/www.teammeter.com\/fr\/wp-json\/wp\/v2\/posts"}],"about":[{"href":"https:\/\/www.teammeter.com\/fr\/wp-json\/wp\/v2\/types\/post"}],"author":[{"embeddable":true,"href":"https:\/\/www.teammeter.com\/fr\/wp-json\/wp\/v2\/users\/5"}],"replies":[{"embeddable":true,"href":"https:\/\/www.teammeter.com\/fr\/wp-json\/wp\/v2\/comments?post=12455"}],"version-history":[{"count":0,"href":"https:\/\/www.teammeter.com\/fr\/wp-json\/wp\/v2\/posts\/12455\/revisions"}],"wp:featuredmedia":[{"embeddable":true,"href":"https:\/\/www.teammeter.com\/fr\/wp-json\/wp\/v2\/media\/12449"}],"wp:attachment":[{"href":"https:\/\/www.teammeter.com\/fr\/wp-json\/wp\/v2\/media?parent=12455"}],"wp:term":[{"taxonomy":"category","embeddable":true,"href":"https:\/\/www.teammeter.com\/fr\/wp-json\/wp\/v2\/categories?post=12455"},{"taxonomy":"post_tag","embeddable":true,"href":"https:\/\/www.teammeter.com\/fr\/wp-json\/wp\/v2\/tags?post=12455"}],"curies":[{"name":"wp","href":"https:\/\/api.w.org\/{rel}","templated":true}]}}