{"id":15354,"date":"2026-01-21T12:37:24","date_gmt":"2026-01-21T12:37:24","guid":{"rendered":"https:\/\/www.teammeter.com\/?p=15354"},"modified":"2026-02-26T13:18:53","modified_gmt":"2026-02-26T13:18:53","slug":"competency-management-case-study","status":"publish","type":"post","link":"https:\/\/www.teammeter.com\/fr\/competency-management-case-study\/","title":{"rendered":"Pourquoi Teammeter n'a pas \u00e9t\u00e9 \"d\u00e9ploy\u00e9\" mais d\u00e9velopp\u00e9 ensemble"},"content":{"rendered":"<div id=\"ez-toc-container\" class=\"ez-toc-v2_0_80 ez-toc-wrap-left counter-hierarchy ez-toc-counter ez-toc-grey ez-toc-container-direction\">\n<div class=\"ez-toc-title-container\">\n<p class=\"ez-toc-title\" style=\"cursor:inherit\">Table des mati\u00e8res<\/p>\n<span class=\"ez-toc-title-toggle\"><a href=\"#\" class=\"ez-toc-pull-right ez-toc-btn ez-toc-btn-xs ez-toc-btn-default ez-toc-toggle\" aria-label=\"Toggle Table des mati\u00e8res\"><span class=\"ez-toc-js-icon-con\"><span class=\"\"><span class=\"eztoc-hide\" style=\"display:none;\">Toggle<\/span><span class=\"ez-toc-icon-toggle-span\"><svg style=\"fill: #999;color:#999\" xmlns=\"http:\/\/www.w3.org\/2000\/svg\" class=\"list-377408\" width=\"20px\" height=\"20px\" viewbox=\"0 0 24 24\" fill=\"none\"><path d=\"M6 6H4v2h2V6zm14 0H8v2h12V6zM4 11h2v2H4v-2zm16 0H8v2h12v-2zM4 16h2v2H4v-2zm16 0H8v2h12v-2z\" fill=\"currentColor\"><\/path><\/svg><svg style=\"fill: #999;color:#999\" class=\"arrow-unsorted-368013\" xmlns=\"http:\/\/www.w3.org\/2000\/svg\" width=\"10px\" height=\"10px\" viewbox=\"0 0 24 24\" version=\"1.2\" baseprofile=\"tiny\"><path d=\"M18.2 9.3l-6.2-6.3-6.2 6.3c-.2.2-.3.4-.3.7s.1.5.3.7c.2.2.4.3.7.3h11c.3 0 .5-.1.7-.3.2-.2.3-.5.3-.7s-.1-.5-.3-.7zM5.8 14.7l6.2 6.3 6.2-6.3c.2-.2.3-.5.3-.7s-.1-.5-.3-.7c-.2-.2-.4-.3-.7-.3h-11c-.3 0-.5.1-.7.3-.2.2-.3.5-.3.7s.1.5.3.7z\"\/><\/svg><\/span><\/span><\/span><\/a><\/span><\/div>\n<nav><ul class='ez-toc-list ez-toc-list-level-1' ><li class='ez-toc-page-1 ez-toc-heading-level-2'><a class=\"ez-toc-link ez-toc-heading-1\" href=\"https:\/\/www.teammeter.com\/fr\/competency-management-case-study\/#A_Practical_Story_About_Introducing_Competency_Management_in_an_Organization\" >Une histoire pratique sur l'introduction de la gestion des comp\u00e9tences dans une organisation<\/a><\/li><li class='ez-toc-page-1 ez-toc-heading-level-2'><a class=\"ez-toc-link ez-toc-heading-2\" href=\"https:\/\/www.teammeter.com\/fr\/competency-management-case-study\/#Starting_Point_Introducing_Competency_Management_Without_Focusing_on_Evaluation\" >Point de d\u00e9part : introduire la gestion des comp\u00e9tences sans se focaliser sur l'\u00e9valuation<\/a><\/li><li class='ez-toc-page-1 ez-toc-heading-level-2'><a class=\"ez-toc-link ez-toc-heading-3\" href=\"https:\/\/www.teammeter.com\/fr\/competency-management-case-study\/#Why_a_Team-Centered_Approach_Is_Crucial_in_Competency_Management\" >Pourquoi une approche centr\u00e9e sur l'\u00e9quipe est cruciale dans la gestion des comp\u00e9tences<\/a><\/li><li class='ez-toc-page-1 ez-toc-heading-level-2'><a class=\"ez-toc-link ez-toc-heading-4\" href=\"https:\/\/www.teammeter.com\/fr\/competency-management-case-study\/#Introducing_a_Competency_Matrix_Why_Starting_With_Managers_Was_Key\" >Introduction d'une matrice de comp\u00e9tences : Pourquoi il \u00e9tait essentiel de commencer par les cadres<\/a><\/li><li class='ez-toc-page-1 ez-toc-heading-level-2'><a class=\"ez-toc-link ez-toc-heading-5\" href=\"https:\/\/www.teammeter.com\/fr\/competency-management-case-study\/#The_First_Workshop_Personal_Profiles_Instead_of_Theoretical_Training\" >Le premier atelier : Des profils personnels plut\u00f4t qu'une formation th\u00e9orique<\/a><\/li><li class='ez-toc-page-1 ez-toc-heading-level-2'><a class=\"ez-toc-link ez-toc-heading-6\" href=\"https:\/\/www.teammeter.com\/fr\/competency-management-case-study\/#An_Early_Step_With_Major_Impact_Peer_Feedback\" >Une premi\u00e8re \u00e9tape \u00e0 l'impact majeur : Le retour d'information par les pairs<\/a><\/li><li class='ez-toc-page-1 ez-toc-heading-level-2'><a class=\"ez-toc-link ez-toc-heading-7\" href=\"https:\/\/www.teammeter.com\/fr\/competency-management-case-study\/#A_Typical_Challenge_When_Introducing_a_Competency_Matrix_Scales_Are_Interpreted_as_Evaluation\" >Un d\u00e9fi typique lors de l'introduction d'une matrice de comp\u00e9tences : Les \u00e9chelles sont interpr\u00e9t\u00e9es comme une \u00e9valuation<\/a><\/li><li class='ez-toc-page-1 ez-toc-heading-level-2'><a class=\"ez-toc-link ez-toc-heading-8\" href=\"https:\/\/www.teammeter.com\/fr\/competency-management-case-study\/#Voluntary_Participation_Instead_of_a_Rollout_Plan_An_Underestimated_Success_Factor\" >La participation volontaire plut\u00f4t qu'un plan de d\u00e9ploiement : Un facteur de succ\u00e8s sous-estim\u00e9<\/a><\/li><li class='ez-toc-page-1 ez-toc-heading-level-2'><a class=\"ez-toc-link ez-toc-heading-9\" href=\"https:\/\/www.teammeter.com\/fr\/competency-management-case-study\/#Second_Round_New_Learnings_What_Was_Done_Differently_on_Purpose\" >Deuxi\u00e8me tour, nouveaux apprentissages : Ce qui a \u00e9t\u00e9 fait diff\u00e9remment \u00e0 dessein<\/a><\/li><li class='ez-toc-page-1 ez-toc-heading-level-2'><a class=\"ez-toc-link ez-toc-heading-10\" href=\"https:\/\/www.teammeter.com\/fr\/competency-management-case-study\/#A_Practical_Observation_Concerns_Often_Come_From_Managers\" >Une observation pratique : Les pr\u00e9occupations viennent souvent des managers<\/a><\/li><li class='ez-toc-page-1 ez-toc-heading-level-2'><a class=\"ez-toc-link ez-toc-heading-11\" href=\"https:\/\/www.teammeter.com\/fr\/competency-management-case-study\/#What_Companies_Should_Consider_When_Introducing_Competency_Management\" >Ce que les entreprises doivent prendre en compte lors de l'introduction de la gestion des comp\u00e9tences<\/a><\/li><li class='ez-toc-page-1 ez-toc-heading-level-2'><a class=\"ez-toc-link ez-toc-heading-12\" href=\"https:\/\/www.teammeter.com\/fr\/competency-management-case-study\/#Conclusion_Competency_Management_Is_Not_a_Tool_Project\" >Conclusion : La gestion des comp\u00e9tences n'est pas un projet d'outil<\/a><\/li><li class='ez-toc-page-1 ez-toc-heading-level-2'><a class=\"ez-toc-link ez-toc-heading-13\" href=\"https:\/\/www.teammeter.com\/fr\/competency-management-case-study\/#Next_Steps_Starting_Competency_Management_the_Right_Way\" >Prochaines \u00e9tapes : D\u00e9marrer la gestion des comp\u00e9tences de la bonne mani\u00e8re<\/a><\/li><\/ul><\/nav><\/div>\n<h2 class=\"wp-block-heading\"><span class=\"ez-toc-section\" id=\"A_Practical_Story_About_Introducing_Competency_Management_in_an_Organization\"><\/span>Une histoire pratique sur l'introduction de la gestion des comp\u00e9tences dans une organisation<span class=\"ez-toc-section-end\"><\/span><\/h2>\n\n\n\n<p>Kerstin Biesdorf est responsable du d\u00e9veloppement des ressources humaines dans une entreprise d'environ 50 employ\u00e9s. Lorsqu'elle a pris ses fonctions, ce type de d\u00e9veloppement n'existait pas encore. Il fallait d'abord instaurer la confiance, tout en introduisant un outil qui affecterait profond\u00e9ment la collaboration, le retour d'information et le d\u00e9veloppement des comp\u00e9tences.<\/p>\n\n\n\n<p><strong>C'est exactement ce dont nous avons parl\u00e9.<\/strong><\/p>\n\n\n\n<p>Lors d'un entretien pratique approfondi, Kerstin Biesdorf a partag\u00e9 son exp\u00e9rience de l'introduction de Teammeter - de mani\u00e8re ouverte, r\u00e9fl\u00e9chie et avec une vision claire de ce qui a fonctionn\u00e9 et de ce qui n'a pas fonctionn\u00e9. La conversation a \u00e9t\u00e9 men\u00e9e par Lisa Carolin Wehking, Customer Success Manager chez Teammeter, qui a \u00e9troitement soutenu Kerstin tout au long de l'introduction.<\/p>\n\n\n\n<p><strong>Ce qui rend cette histoire pratique sp\u00e9ciale :<br><\/strong>Il ne s'agit pas d'un d\u00e9ploiement d'outil parfait, mais de d\u00e9cisions r\u00e9elles, de d\u00e9fis typiques et d'enseignements concrets tir\u00e9s de la pratique. Kerstin ne s'est pas content\u00e9e d'introduire Teammeter, elle l'a d\u00e9velopp\u00e9 pas \u00e0 pas avec les managers et les \u00e9quipes, d\u00e9lib\u00e9r\u00e9ment et sans pression.<\/p>\n\n\n\n<p class=\"translation-block\">Sa question centrale n'\u00e9tait pas : <br><em>Quel outil devrions-nous utiliser?<\/em>.<\/p>\n\n\n\n<blockquote class=\"wp-block-quote is-layout-flow wp-block-quote-is-layout-flow\">\n<p>Mais plut\u00f4t :<br><strong>Comment introduire la gestion des comp\u00e9tences sans susciter un sentiment de contr\u00f4le - et comment accompagner v\u00e9ritablement les \u00e9quipes dans cette d\u00e9marche ?<\/strong><\/p>\n<\/blockquote>\n\n\n\n<div style=\"height:100px\" aria-hidden=\"true\" class=\"wp-block-spacer\"><\/div>\n\n\n\n<h2 class=\"wp-block-heading\"><span class=\"ez-toc-section\" id=\"Starting_Point_Introducing_Competency_Management_Without_Focusing_on_Evaluation\"><\/span>Point de d\u00e9part : introduire la gestion des comp\u00e9tences sans se focaliser sur l'\u00e9valuation<span class=\"ez-toc-section-end\"><\/span><\/h2>\n\n\n\n<p>L'objectif de Kerstin \u00e9tait clair : le d\u00e9veloppement des personnes ne devait pas rester abstrait, mais fournir une orientation aux managers et aider les \u00e9quipes \u00e0 d\u00e9velopper leurs comp\u00e9tences de mani\u00e8re cibl\u00e9e. Il ne s'agissait pas de g\u00e9rer des personnes, mais de rendre le d\u00e9veloppement visible et utilisable dans le travail quotidien.<\/p>\n\n\n\n<p>Avant d'opter pour Teammeter, elle a examin\u00e9 plusieurs outils. Nombre d'entre eux semblaient se concentrer sur les \u00e9valuations individuelles ou laissaient peu de place \u00e0 la collaboration au sein des \u00e9quipes. Pour Kerstin, il est rapidement devenu \u00e9vident qu'une telle approche de la gestion des comp\u00e9tences cr\u00e9erait des r\u00e9sistances plut\u00f4t que de favoriser le d\u00e9veloppement au sein de l'organisation.<\/p>\n\n\n\n<div style=\"height:100px\" aria-hidden=\"true\" class=\"wp-block-spacer\"><\/div>\n\n\n\n<h2 class=\"wp-block-heading\"><span class=\"ez-toc-section\" id=\"Why_a_Team-Centered_Approach_Is_Crucial_in_Competency_Management\"><\/span>Pourquoi une approche centr\u00e9e sur l'\u00e9quipe est cruciale dans la gestion des comp\u00e9tences<span class=\"ez-toc-section-end\"><\/span><\/h2>\n\n\n\n<p>Apr\u00e8s avoir compar\u00e9 plusieurs solutions, deux aspects de Teammeter ont particuli\u00e8rement retenu l'attention de Kerstin : l'approche centr\u00e9e sur l'\u00e9quipe et l'interface utilisateur. Elle a \u00e9t\u00e9 particuli\u00e8rement convaincue par le fait que Teammeter ne s'arr\u00eate pas aux \u00e9valuations individuelles, mais place au centre les r\u00f4les, la collaboration et le d\u00e9veloppement au sein de l'\u00e9quipe.<\/p>\n\n\n\n<p>En m\u00eame temps, elle estime que l'outil suscite la curiosit\u00e9 et invite les gens \u00e0 l'explorer - en particulier les membres de l'\u00e9quipe qui sont ouverts \u00e0 de nouveaux sujets. Pour Kerstin, une chose est claire : le d\u00e9veloppement des comp\u00e9tences ne peut \u00eatre durable que si les \u00e9quipes y travaillent ensemble et que le d\u00e9veloppement n'est pas contr\u00f4l\u00e9 de l'ext\u00e9rieur.<\/p>\n\n\n\n<div style=\"height:100px\" aria-hidden=\"true\" class=\"wp-block-spacer\"><\/div>\n\n\n\n<h2 class=\"wp-block-heading\"><span class=\"ez-toc-section\" id=\"Introducing_a_Competency_Matrix_Why_Starting_With_Managers_Was_Key\"><\/span>Introduction d'une matrice de comp\u00e9tences : Pourquoi il \u00e9tait essentiel de commencer par les cadres<span class=\"ez-toc-section-end\"><\/span><\/h2>\n\n\n\n<p>Au lieu d'impliquer toutes les \u00e9quipes en m\u00eame temps, Kerstin s'est d\u00e9lib\u00e9r\u00e9ment oppos\u00e9e \u00e0 un plan de d\u00e9ploiement classique. Il n'y avait pas de calendrier fixe, pas de \"l'\u00e9quipe A en janvier, l'\u00e9quipe B en f\u00e9vrier\".<\/p>\n\n\n\n<p>Son exp\u00e9rience dans le d\u00e9veloppement des personnes lui a montr\u00e9 que la gestion des comp\u00e9tences ne peut \u00eatre impos\u00e9e.<\/p>\n\n\n\n<p>C'est pourquoi le Teammeter a \u00e9t\u00e9 introduit pour la premi\u00e8re fois au sein du groupe de gestion. La logique \u00e9tait simple : si les managers n'en ressentent pas eux-m\u00eames la valeur, le d\u00e9veloppement des comp\u00e9tences reste un sujet RH sans impact r\u00e9el sur le travail quotidien.<\/p>\n\n\n\n<p>Cette \u00e9tape s'est av\u00e9r\u00e9e \u00eatre un facteur central de succ\u00e8s pour l'introduction ult\u00e9rieure dans d'autres \u00e9quipes.<\/p>\n\n\n\n<div style=\"height:100px\" aria-hidden=\"true\" class=\"wp-block-spacer\"><\/div>\n\n\n\n<h2 class=\"wp-block-heading\"><span class=\"ez-toc-section\" id=\"The_First_Workshop_Personal_Profiles_Instead_of_Theoretical_Training\"><\/span>Le premier atelier : Des profils personnels plut\u00f4t qu'une formation th\u00e9orique<span class=\"ez-toc-section-end\"><\/span><\/h2>\n\n\n\n<p>Le premier atelier n'a d\u00e9lib\u00e9r\u00e9ment pas \u00e9t\u00e9 con\u00e7u comme une session classique de formation aux logiciels. Au d\u00e9part, l'accent a \u00e9t\u00e9 mis sur les r\u00f4les au sein de l'organisation, en particulier les r\u00f4les de direction. Ce n'est qu'ensuite que le groupe a commenc\u00e9 \u00e0 travailler avec Teammeter.<\/p>\n\n\n\n<p>Le moment d\u00e9cisif a \u00e9t\u00e9 celui o\u00f9 chaque gestionnaire a pu travailler sur son profil personnel.<\/p>\n\n\n\n<p>Soudain, la gestion des comp\u00e9tences n'\u00e9tait plus abstraite ou \"pour les autres\", mais directement pertinente. Il s'agissait de son propre r\u00f4le, de ses points forts et de ses domaines de d\u00e9veloppement. Cette implication personnelle est devenue un levier essentiel pour l'acceptation et l'int\u00e9r\u00eat v\u00e9ritable.<\/p>\n\n\n\n<div style=\"height:100px\" aria-hidden=\"true\" class=\"wp-block-spacer\"><\/div>\n\n\n\n<h2 class=\"wp-block-heading\"><span class=\"ez-toc-section\" id=\"An_Early_Step_With_Major_Impact_Peer_Feedback\"><\/span>Une premi\u00e8re \u00e9tape \u00e0 l'impact majeur : Le retour d'information par les pairs<span class=\"ez-toc-section-end\"><\/span><\/h2>\n\n\n\n<p>Un \u00e9l\u00e9ment particuli\u00e8rement important a \u00e9t\u00e9 l'introduction pr\u00e9coce du retour d'information par les pairs. Ce format n'avait pas encore \u00e9t\u00e9 mis en place au sein de l'entreprise.<\/p>\n\n\n\n<p>Donner un retour d'information demande du courage - surtout lorsque c'est nouveau. C'est pourquoi Kerstin a consciemment encadr\u00e9 le sujet et inclus une courte introduction conceptuelle. Que signifie un retour d'information constructif ? \u00c0 quoi sert-il ? Et qu'est-ce qu'il n'est pas ?<\/p>\n\n\n\n<p>L'effet a \u00e9t\u00e9 clairement perceptible. M\u00eame s'ils ne se sentaient pas familiers au d\u00e9but, les participants en ont rapidement tir\u00e9 profit. Le retour d'information n'a pas \u00e9t\u00e9 v\u00e9cu comme une \u00e9valuation, mais comme une impulsion d'apprentissage - exactement comme le veut le d\u00e9veloppement des comp\u00e9tences.<\/p>\n\n\n\n<div style=\"height:100px\" aria-hidden=\"true\" class=\"wp-block-spacer\"><\/div>\n\n\n\n<h2 class=\"wp-block-heading\"><span class=\"ez-toc-section\" id=\"A_Typical_Challenge_When_Introducing_a_Competency_Matrix_Scales_Are_Interpreted_as_Evaluation\"><\/span>Un d\u00e9fi typique lors de l'introduction d'une matrice de comp\u00e9tences : Les \u00e9chelles sont interpr\u00e9t\u00e9es comme une \u00e9valuation<span class=\"ez-toc-section-end\"><\/span><\/h2>\n\n\n\n<p>Malgr\u00e9 ces exp\u00e9riences positives, un d\u00e9fi typique est apparu, auquel de nombreuses organisations sont confront\u00e9es.<\/p>\n\n\n\n<p>D\u00e8s que les \u00e9chelles deviennent visibles, de nombreuses personnes ne pensent pas au d\u00e9veloppement, mais \u00e0 l'\u00e9valuation.<\/p>\n\n\n\n<blockquote class=\"wp-block-quote is-layout-flow wp-block-quote-is-layout-flow\">\n<p>\"Suis-je assez bon ?\"<br>\"S'agit-il d'un niveau cible ?\"<br>\"Que se passe-t-il si je suis en dessous ?\"<\/p>\n<\/blockquote>\n\n\n\n<p>Pour Kerstin, c'\u00e9tait clair : si cette perception domine, la gestion des comp\u00e9tences perd son objectif r\u00e9el. C'est pourquoi le langage a \u00e9t\u00e9 utilis\u00e9 de mani\u00e8re tr\u00e8s d\u00e9lib\u00e9r\u00e9e. Les termes \u00e9valuatifs ont \u00e9t\u00e9 \u00e9vit\u00e9s et les relations ont \u00e9t\u00e9 expliqu\u00e9es \u00e0 plusieurs reprises.<\/p>\n\n\n\n<p><strong>La question directrice est toujours rest\u00e9e la m\u00eame :<\/strong><br>O\u00f9 est-ce que je veux me d\u00e9velopper - et quel type de soutien m'aide \u00e0 y parvenir ?<\/p>\n\n\n\n<p>Il a \u00e9t\u00e9 particuli\u00e8rement utile de lier les comp\u00e9tences \u00e0 des possibilit\u00e9s de formation concr\u00e8tes. Cela a rendu le d\u00e9veloppement tangible plut\u00f4t que th\u00e9orique.<\/p>\n\n\n\n<div style=\"height:100px\" aria-hidden=\"true\" class=\"wp-block-spacer\"><\/div>\n\n\n\n<h2 class=\"wp-block-heading\"><span class=\"ez-toc-section\" id=\"Voluntary_Participation_Instead_of_a_Rollout_Plan_An_Underestimated_Success_Factor\"><\/span>La participation volontaire plut\u00f4t qu'un plan de d\u00e9ploiement : Un facteur de succ\u00e8s sous-estim\u00e9<span class=\"ez-toc-section-end\"><\/span><\/h2>\n\n\n\n<p>L'une des principales d\u00e9cisions prises lors du d\u00e9ploiement a \u00e9t\u00e9 de ne pas rendre Teammeter obligatoire. Kerstin a d\u00e9lib\u00e9r\u00e9ment choisi la participation volontaire - une approche qui est souvent consid\u00e9r\u00e9e de mani\u00e8re critique dans le d\u00e9veloppement des personnes.<\/p>\n\n\n\n<p><strong>Son exp\u00e9rience est claire : la participation volontaire engendre l'acceptation.<\/strong><\/p>\n\n\n\n<p>Les \u00e9quipes qui n'\u00e9taient pas encore impliqu\u00e9es sont devenues curieuses lorsqu'elles ont vu comment d'autres \u00e9quipes travaillaient d\u00e9j\u00e0 avec l'outil. Le d\u00e9ploiement s'est fait \u00e0 l'int\u00e9rieur de l'organisation, sans pression ni persuasion de haut en bas.<\/p>\n\n\n\n<div style=\"height:100px\" aria-hidden=\"true\" class=\"wp-block-spacer\"><\/div>\n\n\n\n<h2 class=\"wp-block-heading\"><span class=\"ez-toc-section\" id=\"Second_Round_New_Learnings_What_Was_Done_Differently_on_Purpose\"><\/span>Deuxi\u00e8me tour, nouveaux apprentissages : Ce qui a \u00e9t\u00e9 fait diff\u00e9remment \u00e0 dessein<span class=\"ez-toc-section-end\"><\/span><\/h2>\n\n\n\n<p>Avec la deuxi\u00e8me \u00e9quipe, Kerstin a adopt\u00e9 une approche plus cibl\u00e9e. Non pas parce que la premi\u00e8re approche \u00e9tait mauvaise, mais parce qu'elle avait appris par l'exp\u00e9rience.<\/p>\n\n\n\n<p>L'atelier \u00e9tait plus clairement structur\u00e9 :<\/p>\n\n\n\n<ul class=\"wp-block-list\">\n<li>premi\u00e8rement, les comp\u00e9tences personnelles<\/li>\n\n\n\n<li>puis retour d'information<\/li>\n\n\n\n<li>et seulement apr\u00e8s la matrice de l'\u00e9quipe<\/li>\n<\/ul>\n\n\n\n<p>Autre changement d\u00e9lib\u00e9r\u00e9 : l'ouverture de la matrice de l'\u00e9quipe n'\u00e9tait plus pr\u00e9sum\u00e9e, mais activement discut\u00e9e. La deuxi\u00e8me \u00e9quipe \u00e9tait plus r\u00e9serv\u00e9e et Kerstin voulait un engagement clair et partag\u00e9 avant d'aller de l'avant.<\/p>\n\n\n\n<div style=\"height:100px\" aria-hidden=\"true\" class=\"wp-block-spacer\"><\/div>\n\n\n\n<h2 class=\"wp-block-heading\"><span class=\"ez-toc-section\" id=\"A_Practical_Observation_Concerns_Often_Come_From_Managers\"><\/span>Une observation pratique : Les pr\u00e9occupations viennent souvent des managers<span class=\"ez-toc-section-end\"><\/span><\/h2>\n\n\n\n<p>Une constatation surprenante s'est impos\u00e9e : les plus grandes inqui\u00e9tudes ne venaient pas des \u00e9quipes, mais des managers. Ces pr\u00e9occupations \u00e9taient moins techniques et plus \u00e9motionnelles - motiv\u00e9es par la crainte de d\u00e9clencher quelque chose au sein de l'\u00e9quipe ou de perdre la confiance.<\/p>\n\n\n\n<p>Cela a mis en \u00e9vidence l'importance de l'exp\u00e9rience, de la confiance et d'un bon sens de la dynamique d'\u00e9quipe. Parce qu'elle ne faisait pas partie de la hi\u00e9rarchie mais jouait un r\u00f4le de soutien, Kerstin a pu aborder le processus avec plus d'audace.<\/p>\n\n\n\n<div style=\"height:100px\" aria-hidden=\"true\" class=\"wp-block-spacer\"><\/div>\n\n\n\n<h2 class=\"wp-block-heading\"><span class=\"ez-toc-section\" id=\"What_Companies_Should_Consider_When_Introducing_Competency_Management\"><\/span>Ce que les entreprises doivent prendre en compte lors de l'introduction de la gestion des comp\u00e9tences<span class=\"ez-toc-section-end\"><\/span><\/h2>\n\n\n\n<p>Des bonnes pratiques claires peuvent \u00eatre tir\u00e9es de ces exp\u00e9riences :<\/p>\n\n\n\n<ul class=\"wp-block-list\">\n<li>La gestion des comp\u00e9tences ne fonctionne que si la confiance pr\u00e9c\u00e8de la structure<\/li>\n\n\n\n<li>Les managers sont des acteurs cl\u00e9s de la mise en \u0153uvre<\/li>\n\n\n\n<li>Les \u00e9chelles ont besoin d'un contexte, sinon elles cr\u00e9ent une pression<\/li>\n\n\n\n<li>Les profils personnels favorisent l'acceptation et l'appropriation<\/li>\n\n\n\n<li>La participation volontaire acc\u00e9l\u00e8re l'introduction au lieu de la ralentir<\/li>\n\n\n\n<li>Un outil ne peut pas remplacer l'\u00e9tat d'esprit, mais il peut le rendre visible<\/li>\n<\/ul>\n\n\n\n<div style=\"height:100px\" aria-hidden=\"true\" class=\"wp-block-spacer\"><\/div>\n\n\n\n<h2 class=\"wp-block-heading\"><span class=\"ez-toc-section\" id=\"Conclusion_Competency_Management_Is_Not_a_Tool_Project\"><\/span>Conclusion : La gestion des comp\u00e9tences n'est pas un projet d'outil<span class=\"ez-toc-section-end\"><\/span><\/h2>\n\n\n\n<p>Pour Kerstin, il ne s'agissait pas d'une mise en \u0153uvre logicielle classique, mais d'un processus de d\u00e9veloppement partag\u00e9. Le d\u00e9ploiement n'\u00e9tait pas un projet ponctuel, mais le point de d\u00e9part d'un travail d'\u00e9quipe continu.<\/p>\n\n\n\n<p>Teammeter apporte la plus grande valeur ajout\u00e9e lorsque le d\u00e9veloppement des comp\u00e9tences est pris au s\u00e9rieux - non pas comme un m\u00e9canisme de contr\u00f4le, mais comme une responsabilit\u00e9 partag\u00e9e.<\/p>\n\n\n\n<div style=\"height:100px\" aria-hidden=\"true\" class=\"wp-block-spacer\"><\/div>\n\n\n\n<h2 class=\"wp-block-heading\"><span class=\"ez-toc-section\" id=\"Next_Steps_Starting_Competency_Management_the_Right_Way\"><\/span>Prochaines \u00e9tapes : D\u00e9marrer la gestion des comp\u00e9tences de la bonne mani\u00e8re<span class=\"ez-toc-section-end\"><\/span><\/h2>\n\n\n\n<p><strong>\u00cates-vous confront\u00e9 \u00e0 un d\u00e9fi similaire ?<\/strong><\/p>\n\n\n\n<p>Si vous souhaitez introduire la gestion des comp\u00e9tences non pas en la d\u00e9ployant simplement, mais en la d\u00e9veloppant avec les managers et les \u00e9quipes, n'h\u00e9sitez pas \u00e0 nous contacter. Lors d'un entretien sans engagement, nous \u00e9tudierons ce que pourrait \u00eatre un point de d\u00e9part significatif pour votre organisation - y compris une installation pilote et un soutien personnel.<\/p>\n\n\n\n<p><a href=\"https:\/\/meetings-eu1.hubspot.com\/lisa-wehking\" data-type=\"link\" data-id=\"https:\/\/meetings-eu1.hubspot.com\/lisa-wehking\" target=\"_blank\" rel=\"noopener\">Planifier une conversation<\/a><\/p>","protected":false},"excerpt":{"rendered":"<p>Kerstin Biesdorf est responsable du d\u00e9veloppement du personnel dans une entreprise d'environ 50 employ\u00e9s. Lorsqu'elle a pris ses fonctions, ce type de d\u00e9veloppement n'existait pas encore. Il fallait d'abord instaurer la confiance, tout en s'attelant \u00e0 la t\u00e2che ... <a title=\"Pourquoi Teammeter n&#039;a pas \u00e9t\u00e9 &quot;d\u00e9ploy\u00e9&quot; mais d\u00e9velopp\u00e9 ensemble\" class=\"read-more\" href=\"https:\/\/www.teammeter.com\/fr\/competency-management-case-study\/\" aria-label=\"En savoir plus sur Pourquoi Teammeter n&#039;a pas \u00e9t\u00e9 &quot;d\u00e9ploy\u00e9&quot; mais d\u00e9velopp\u00e9 ensemble\">Lire plus<\/a><\/p>","protected":false},"author":17,"featured_media":15355,"comment_status":"closed","ping_status":"closed","sticky":false,"template":"","format":"standard","meta":{"inline_featured_image":false,"footnotes":""},"categories":[46,58],"tags":[96,210,88],"class_list":["post-15354","post","type-post","status-publish","format-standard","has-post-thumbnail","hentry","category-use-cases","category-success-stories","tag-employee-engagement","tag-future-of-work","tag-leadership-skills"],"_links":{"self":[{"href":"https:\/\/www.teammeter.com\/fr\/wp-json\/wp\/v2\/posts\/15354","targetHints":{"allow":["GET"]}}],"collection":[{"href":"https:\/\/www.teammeter.com\/fr\/wp-json\/wp\/v2\/posts"}],"about":[{"href":"https:\/\/www.teammeter.com\/fr\/wp-json\/wp\/v2\/types\/post"}],"author":[{"embeddable":true,"href":"https:\/\/www.teammeter.com\/fr\/wp-json\/wp\/v2\/users\/17"}],"replies":[{"embeddable":true,"href":"https:\/\/www.teammeter.com\/fr\/wp-json\/wp\/v2\/comments?post=15354"}],"version-history":[{"count":2,"href":"https:\/\/www.teammeter.com\/fr\/wp-json\/wp\/v2\/posts\/15354\/revisions"}],"predecessor-version":[{"id":15357,"href":"https:\/\/www.teammeter.com\/fr\/wp-json\/wp\/v2\/posts\/15354\/revisions\/15357"}],"wp:featuredmedia":[{"embeddable":true,"href":"https:\/\/www.teammeter.com\/fr\/wp-json\/wp\/v2\/media\/15355"}],"wp:attachment":[{"href":"https:\/\/www.teammeter.com\/fr\/wp-json\/wp\/v2\/media?parent=15354"}],"wp:term":[{"taxonomy":"category","embeddable":true,"href":"https:\/\/www.teammeter.com\/fr\/wp-json\/wp\/v2\/categories?post=15354"},{"taxonomy":"post_tag","embeddable":true,"href":"https:\/\/www.teammeter.com\/fr\/wp-json\/wp\/v2\/tags?post=15354"}],"curies":[{"name":"wp","href":"https:\/\/api.w.org\/{rel}","templated":true}]}}